{"id":1002,"date":"2021-05-28T15:03:51","date_gmt":"2021-05-28T15:03:51","guid":{"rendered":"http:\/\/physiotherapie-starkloff.de\/?p=1002"},"modified":"2022-01-19T13:06:46","modified_gmt":"2022-01-19T13:06:46","slug":"reha-sport","status":"publish","type":"post","link":"http:\/\/physiotherapie-starkloff.de\/?p=1002","title":{"rendered":"Reha Sport"},"content":{"rendered":"\n<p>Rehabilitationssport stellt eine erg\u00e4nzende Ma\u00dfnahme im Rahmen der medizinischen Rehabilitation und zur F\u00f6rderung der Teilhabe am Arbeitsleben dar.<br>Reha-Sport ist gesetzlich verankert und ist zeitlich befristet. Vorrangiges Ziel ist es die Gesundheit zu st\u00e4rken und Folgesch\u00e4den zu vermeiden.<\/p>\n\n\n\n<p>Wir arbeiten mit dem Reha-Sport Verein neue Bundesl\u00e4nder zusammen. Sie haben die M\u00f6glichkeit zum Training in der Gruppe, ein individuell auf Sie zugeschnittenes Trainingsprogramm zu&nbsp;\u201ebuchen\u201c.<\/p>\n\n\n\n<p>Der Rehabilitationssport in der Gruppe dauert 45 Minuten. Wir f\u00fchren ein abwechslungsreiches Programm durch. Die Inhalte der \u00dcbungsstunden sind bunt z.B. Zirkeltraining, Gymnastik mit Kleinger\u00e4ten, leichte Kraft\u00fcbungen, Koordinations\u00fcbungen.<\/p>\n\n\n\n<p>Das individuelle Training findet an den Rehabilitationsger\u00e4ten statt. Wir stellen ein \u00dcbungsprogramm zusammen, dass auf Sie und Ihre Erkrankung zugeschnitten ist. Sie sollten es zum Sport in der Gruppe noch 1-2 mal durchf\u00fchren. <\/p>\n","protected":false},"excerpt":{"rendered":"<p>Rehabilitationssport stellt eine erg\u00e4nzende Ma\u00dfnahme im Rahmen der medizinischen Rehabilitation und zur F\u00f6rderung der Teilhabe am Arbeitsleben dar.Reha-Sport ist gesetzlich verankert und ist zeitlich befristet. Vorrangiges Ziel ist es die &hellip; <\/p>\n","protected":false},"author":3,"featured_media":1114,"comment_status":"closed","ping_status":"closed","sticky":false,"template":"","format":"standard","meta":[],"categories":[15],"tags":[],"_links":{"self":[{"href":"http:\/\/physiotherapie-starkloff.de\/index.php?rest_route=\/wp\/v2\/posts\/1002"}],"collection":[{"href":"http:\/\/physiotherapie-starkloff.de\/index.php?rest_route=\/wp\/v2\/posts"}],"about":[{"href":"http:\/\/physiotherapie-starkloff.de\/index.php?rest_route=\/wp\/v2\/types\/post"}],"author":[{"embeddable":true,"href":"http:\/\/physiotherapie-starkloff.de\/index.php?rest_route=\/wp\/v2\/users\/3"}],"replies":[{"embeddable":true,"href":"http:\/\/physiotherapie-starkloff.de\/index.php?rest_route=%2Fwp%2Fv2%2Fcomments&post=1002"}],"version-history":[{"count":2,"href":"http:\/\/physiotherapie-starkloff.de\/index.php?rest_route=\/wp\/v2\/posts\/1002\/revisions"}],"predecessor-version":[{"id":1098,"href":"http:\/\/physiotherapie-starkloff.de\/index.php?rest_route=\/wp\/v2\/posts\/1002\/revisions\/1098"}],"wp:featuredmedia":[{"embeddable":true,"href":"http:\/\/physiotherapie-starkloff.de\/index.php?rest_route=\/wp\/v2\/media\/1114"}],"wp:attachment":[{"href":"http:\/\/physiotherapie-starkloff.de\/index.php?rest_route=%2Fwp%2Fv2%2Fmedia&parent=1002"}],"wp:term":[{"taxonomy":"category","embeddable":true,"href":"http:\/\/physiotherapie-starkloff.de\/index.php?rest_route=%2Fwp%2Fv2%2Fcategories&post=1002"},{"taxonomy":"post_tag","embeddable":true,"href":"http:\/\/physiotherapie-starkloff.de\/index.php?rest_route=%2Fwp%2Fv2%2Ftags&post=1002"}],"curies":[{"name":"wp","href":"https:\/\/api.w.org\/{rel}","templated":true}]}}